{"id":1103,"date":"2019-02-06T08:44:04","date_gmt":"2019-02-06T07:44:04","guid":{"rendered":"http:\/\/www.maladiesautoimmunes.com\/?p=1103"},"modified":"2019-02-06T08:44:04","modified_gmt":"2019-02-06T07:44:04","slug":"journee-de-medecine-interne-de-lhopital-saint-antoine-manifestations-associees-aux-hemopathies-et-aux-cancers","status":"publish","type":"post","link":"http:\/\/www.maladiesautoimmunes.com\/en\/actualites\/journee-de-medecine-interne-de-lhopital-saint-antoine-manifestations-associees-aux-hemopathies-et-aux-cancers\/","title":{"rendered":"Journ\u00e9e de m\u00e9decine interne de l&#8217;h\u00f4pital Saint-Antoine : manifestations associ\u00e9es aux h\u00e9mopathies et aux cancers"},"content":{"rendered":"","protected":false},"excerpt":{"rendered":"","protected":false},"author":4,"featured_media":0,"comment_status":"open","ping_status":"open","sticky":false,"template":"","format":"standard","meta":{"footnotes":""},"categories":[4,15],"tags":[],"class_list":["post-1103","post","type-post","status-publish","format-standard","hentry","category-actualites","category-journee-congres"],"_links":{"self":[{"href":"http:\/\/www.maladiesautoimmunes.com\/en\/wp-json\/wp\/v2\/posts\/1103\/"}],"collection":[{"href":"http:\/\/www.maladiesautoimmunes.com\/en\/wp-json\/wp\/v2\/posts\/"}],"about":[{"href":"http:\/\/www.maladiesautoimmunes.com\/en\/wp-json\/wp\/v2\/types\/post\/"}],"author":[{"embeddable":true,"href":"http:\/\/www.maladiesautoimmunes.com\/en\/wp-json\/wp\/v2\/users\/4\/"}],"replies":[{"embeddable":true,"href":"http:\/\/www.maladiesautoimmunes.com\/en\/wp-json\/wp\/v2\/comments\/?post=1103"}],"version-history":[{"count":1,"href":"http:\/\/www.maladiesautoimmunes.com\/en\/wp-json\/wp\/v2\/posts\/1103\/revisions\/"}],"predecessor-version":[{"id":1105,"href":"http:\/\/www.maladiesautoimmunes.com\/en\/wp-json\/wp\/v2\/posts\/1103\/revisions\/1105\/"}],"wp:attachment":[{"href":"http:\/\/www.maladiesautoimmunes.com\/en\/wp-json\/wp\/v2\/media\/?parent=1103"}],"wp:term":[{"taxonomy":"category","embeddable":true,"href":"http:\/\/www.maladiesautoimmunes.com\/en\/wp-json\/wp\/v2\/categories\/?post=1103"},{"taxonomy":"post_tag","embeddable":true,"href":"http:\/\/www.maladiesautoimmunes.com\/en\/wp-json\/wp\/v2\/tags\/?post=1103"}],"curies":[{"name":"wp","href":"https:\/\/api.w.org\/{rel}","templated":true}]}}